{"id":7218,"date":"2018-06-28T11:18:42","date_gmt":"2018-06-28T10:18:42","guid":{"rendered":"http:\/\/ferrater.com\/participacio-en-els-premis-iv-edicion-dels-premios-piam-28-06-18\/"},"modified":"2019-07-12T12:55:48","modified_gmt":"2019-07-12T11:55:48","slug":"participacio-en-els-premis-iv-edicion-dels-premios-piam-28-06-18","status":"publish","type":"post","link":"https:\/\/ferrater.com\/ca\/participacio-en-els-premis-iv-edicion-dels-premios-piam-28-06-18\/","title":{"rendered":"Participaci\u00f3 en els premis IV Edici\u00f3n dels Premios PIAM"},"content":{"rendered":"<p>Luc\u00eda Ferrater participa com a jurat a l'entrega de la IV Edici\u00f3 dels Premis PIAM, Premi Internacional d'Arquitectura Matinex.<\/p>\n<div>\n<ul class=\"uk-slider-items\">\n<li><img loading=\"lazy\" decoding=\"async\" class=\"alignnone size-medium wp-image-7530\" src=\"http:\/\/ferrater.com\/wp-content\/uploads\/280618Premios-Matinex_1-5-600x314.png\" alt=\"\" width=\"600\" height=\"314\" srcset=\"https:\/\/ferrater.com\/wp-content\/uploads\/280618Premios-Matinex_1-5-600x314.png 600w, https:\/\/ferrater.com\/wp-content\/uploads\/280618Premios-Matinex_1-5-768x403.png 768w, https:\/\/ferrater.com\/wp-content\/uploads\/280618Premios-Matinex_1-5-1024x537.png 1024w, https:\/\/ferrater.com\/wp-content\/uploads\/280618Premios-Matinex_1-5.png 1099w\" sizes=\"(max-width: 600px) 100vw, 600px\" \/><\/li>\n<li><img loading=\"lazy\" decoding=\"async\" class=\"alignnone size-medium wp-image-7533\" src=\"http:\/\/ferrater.com\/wp-content\/uploads\/280618-Premios-MATINEX_2-600x313.png\" alt=\"\" width=\"600\" height=\"313\" srcset=\"https:\/\/ferrater.com\/wp-content\/uploads\/280618-Premios-MATINEX_2-600x313.png 600w, https:\/\/ferrater.com\/wp-content\/uploads\/280618-Premios-MATINEX_2-768x401.png 768w, https:\/\/ferrater.com\/wp-content\/uploads\/280618-Premios-MATINEX_2-1024x534.png 1024w, https:\/\/ferrater.com\/wp-content\/uploads\/280618-Premios-MATINEX_2.png 1096w\" sizes=\"(max-width: 600px) 100vw, 600px\" \/><\/li>\n<\/ul>\n<\/div>\n","protected":false},"excerpt":{"rendered":"<p>Luc\u00eda Ferrater participa com a jurat a l'entrega de la IV Edici\u00f3 dels Premis PIAM, Premi Internacional d'Arquitectura Matinex.<\/p>\n","protected":false},"author":6,"featured_media":7219,"comment_status":"closed","ping_status":"closed","sticky":false,"template":"","format":"standard","meta":{"footnotes":""},"categories":[41],"tags":[],"autorarquitecto":[],"class_list":["post-7218","post","type-post","status-publish","format-standard","has-post-thumbnail","hentry","category-noticies"],"jetpack_featured_media_url":"https:\/\/ferrater.com\/wp-content\/uploads\/280618Premios-Matinex_1-4.png","_links":{"self":[{"href":"https:\/\/ferrater.com\/ca\/wp-json\/wp\/v2\/posts\/7218","targetHints":{"allow":["GET"]}}],"collection":[{"href":"https:\/\/ferrater.com\/ca\/wp-json\/wp\/v2\/posts"}],"about":[{"href":"https:\/\/ferrater.com\/ca\/wp-json\/wp\/v2\/types\/post"}],"author":[{"embeddable":true,"href":"https:\/\/ferrater.com\/ca\/wp-json\/wp\/v2\/users\/6"}],"replies":[{"embeddable":true,"href":"https:\/\/ferrater.com\/ca\/wp-json\/wp\/v2\/comments?post=7218"}],"version-history":[{"count":0,"href":"https:\/\/ferrater.com\/ca\/wp-json\/wp\/v2\/posts\/7218\/revisions"}],"wp:featuredmedia":[{"embeddable":true,"href":"https:\/\/ferrater.com\/ca\/wp-json\/wp\/v2\/media\/7219"}],"wp:attachment":[{"href":"https:\/\/ferrater.com\/ca\/wp-json\/wp\/v2\/media?parent=7218"}],"wp:term":[{"taxonomy":"category","embeddable":true,"href":"https:\/\/ferrater.com\/ca\/wp-json\/wp\/v2\/categories?post=7218"},{"taxonomy":"post_tag","embeddable":true,"href":"https:\/\/ferrater.com\/ca\/wp-json\/wp\/v2\/tags?post=7218"},{"taxonomy":"autorarquitecto","embeddable":true,"href":"https:\/\/ferrater.com\/ca\/wp-json\/wp\/v2\/autorarquitecto?post=7218"}],"curies":[{"name":"wp","href":"https:\/\/api.w.org\/{rel}","templated":true}]}}