{"id":18770,"date":"2020-04-14T09:06:06","date_gmt":"2020-04-14T08:06:06","guid":{"rendered":"https:\/\/ferrater.com\/uicnonstop-14-04-20\/"},"modified":"2020-05-19T09:34:42","modified_gmt":"2020-05-19T08:34:42","slug":"uicnonstop-14-04-20","status":"publish","type":"post","link":"https:\/\/ferrater.com\/es\/uicnonstop-14-04-20\/","title":{"rendered":"UICnonstop."},"content":{"rendered":"<p>Borja Ferrater participa en UICnonstop, donde se comparte virtualmente el d\u00eda a d\u00eda de docentes, alumnos y personal administrativo frente a la nueva situaci\u00f3n de confinamiento.<\/p>\n<p><iframe loading=\"lazy\" title=\"#UICnonstop | Borja Ferrater\" width=\"500\" height=\"281\" src=\"https:\/\/www.youtube.com\/embed\/5SfD0mN-nHk?feature=oembed\" frameborder=\"0\" allow=\"accelerometer; autoplay; clipboard-write; encrypted-media; gyroscope; picture-in-picture; web-share\" referrerpolicy=\"strict-origin-when-cross-origin\" allowfullscreen><\/iframe><\/p>\n<p>&nbsp;<\/p>\n<p>&nbsp;<\/p>\n<p>&nbsp;<\/p>\n","protected":false},"excerpt":{"rendered":"<p>Borja Ferrater participa en UICnonstop, donde se comparte virtualmente el d\u00eda a d\u00eda de docentes, alumnos y personal administrativo frente a la nueva situaci\u00f3n de confinamiento. &nbsp; &nbsp; &nbsp;<\/p>\n","protected":false},"author":6,"featured_media":18765,"comment_status":"closed","ping_status":"closed","sticky":false,"template":"","format":"standard","meta":{"footnotes":""},"categories":[42],"tags":[],"autorarquitecto":[],"class_list":["post-18770","post","type-post","status-publish","format-standard","has-post-thumbnail","hentry","category-noticias"],"jetpack_featured_media_url":"https:\/\/ferrater.com\/wp-content\/uploads\/2020\/05\/14-04-20-uicnonstop-borja-ferrater.jpg","_links":{"self":[{"href":"https:\/\/ferrater.com\/es\/wp-json\/wp\/v2\/posts\/18770","targetHints":{"allow":["GET"]}}],"collection":[{"href":"https:\/\/ferrater.com\/es\/wp-json\/wp\/v2\/posts"}],"about":[{"href":"https:\/\/ferrater.com\/es\/wp-json\/wp\/v2\/types\/post"}],"author":[{"embeddable":true,"href":"https:\/\/ferrater.com\/es\/wp-json\/wp\/v2\/users\/6"}],"replies":[{"embeddable":true,"href":"https:\/\/ferrater.com\/es\/wp-json\/wp\/v2\/comments?post=18770"}],"version-history":[{"count":0,"href":"https:\/\/ferrater.com\/es\/wp-json\/wp\/v2\/posts\/18770\/revisions"}],"wp:featuredmedia":[{"embeddable":true,"href":"https:\/\/ferrater.com\/es\/wp-json\/wp\/v2\/media\/18765"}],"wp:attachment":[{"href":"https:\/\/ferrater.com\/es\/wp-json\/wp\/v2\/media?parent=18770"}],"wp:term":[{"taxonomy":"category","embeddable":true,"href":"https:\/\/ferrater.com\/es\/wp-json\/wp\/v2\/categories?post=18770"},{"taxonomy":"post_tag","embeddable":true,"href":"https:\/\/ferrater.com\/es\/wp-json\/wp\/v2\/tags?post=18770"},{"taxonomy":"autorarquitecto","embeddable":true,"href":"https:\/\/ferrater.com\/es\/wp-json\/wp\/v2\/autorarquitecto?post=18770"}],"curies":[{"name":"wp","href":"https:\/\/api.w.org\/{rel}","templated":true}]}}