{"id":20689,"date":"2022-06-27T14:39:28","date_gmt":"2022-06-27T13:39:28","guid":{"rendered":"https:\/\/ferrater.com\/architecture-lecture-series-universidad-andina-del-cusco\/"},"modified":"2022-10-04T11:25:46","modified_gmt":"2022-10-04T10:25:46","slug":"architecture-lecture-series-universidad-andina-del-cusco","status":"publish","type":"post","link":"https:\/\/ferrater.com\/es\/architecture-lecture-series-universidad-andina-del-cusco\/","title":{"rendered":"Ciclo de conferencias de Arquitectura. Universidad Andina del Cusco."},"content":{"rendered":"<p>Adrian Gasparoni y Mat\u00edas Frazzi conversan sobre arquitectura americana con Carlos Ferrater en el marco de la Jornada de Arquitectos para el estudio del Medio Ambiente. CASE 3 - Episodio 1. Les acompa\u00f1an los profesores invitados Miguel \u00c1ngel Y\u00e9pez, Tadeo Shira y Miguel Duarte.<\/p>\n<p><iframe loading=\"lazy\" title=\"27 JUN - CICLO DE CONFERENCIAS ARQUITECTURA\" width=\"500\" height=\"281\" src=\"https:\/\/www.youtube.com\/embed\/v1XPfO8xeSk?list=PLDDOLi3Mv56JVm5dPREr27Jz8VeQ2c9MO\" frameborder=\"0\" allow=\"accelerometer; autoplay; clipboard-write; encrypted-media; gyroscope; picture-in-picture; web-share\" referrerpolicy=\"strict-origin-when-cross-origin\" allowfullscreen><\/iframe><\/p>\n<p>&nbsp;<\/p>\n<p>&nbsp;<\/p>\n","protected":false},"excerpt":{"rendered":"<p>Adrian Gasparoni y Mat\u00edas Frazzi conversan sobre arquitectura americana con Carlos Ferrater en el marco de la Jornada de Arquitectos para el estudio del Medio Ambiente. CASE 3 - Episodio 1. Les acompa\u00f1an los profesores invitados Miguel \u00c1ngel Y\u00e9pez, Tadeo Shira y Miguel Duarte. &nbsp; &nbsp;<\/p>\n","protected":false},"author":6,"featured_media":20686,"comment_status":"closed","ping_status":"closed","sticky":false,"template":"","format":"standard","meta":{"footnotes":""},"categories":[42],"tags":[],"autorarquitecto":[],"class_list":["post-20689","post","type-post","status-publish","format-standard","has-post-thumbnail","hentry","category-noticias"],"jetpack_featured_media_url":"https:\/\/ferrater.com\/wp-content\/uploads\/2022\/10\/270622-Universidad-Andina-de-Cusco.jpg","_links":{"self":[{"href":"https:\/\/ferrater.com\/es\/wp-json\/wp\/v2\/posts\/20689","targetHints":{"allow":["GET"]}}],"collection":[{"href":"https:\/\/ferrater.com\/es\/wp-json\/wp\/v2\/posts"}],"about":[{"href":"https:\/\/ferrater.com\/es\/wp-json\/wp\/v2\/types\/post"}],"author":[{"embeddable":true,"href":"https:\/\/ferrater.com\/es\/wp-json\/wp\/v2\/users\/6"}],"replies":[{"embeddable":true,"href":"https:\/\/ferrater.com\/es\/wp-json\/wp\/v2\/comments?post=20689"}],"version-history":[{"count":0,"href":"https:\/\/ferrater.com\/es\/wp-json\/wp\/v2\/posts\/20689\/revisions"}],"wp:featuredmedia":[{"embeddable":true,"href":"https:\/\/ferrater.com\/es\/wp-json\/wp\/v2\/media\/20686"}],"wp:attachment":[{"href":"https:\/\/ferrater.com\/es\/wp-json\/wp\/v2\/media?parent=20689"}],"wp:term":[{"taxonomy":"category","embeddable":true,"href":"https:\/\/ferrater.com\/es\/wp-json\/wp\/v2\/categories?post=20689"},{"taxonomy":"post_tag","embeddable":true,"href":"https:\/\/ferrater.com\/es\/wp-json\/wp\/v2\/tags?post=20689"},{"taxonomy":"autorarquitecto","embeddable":true,"href":"https:\/\/ferrater.com\/es\/wp-json\/wp\/v2\/autorarquitecto?post=20689"}],"curies":[{"name":"wp","href":"https:\/\/api.w.org\/{rel}","templated":true}]}}