{"id":21195,"date":"2023-04-21T15:41:24","date_gmt":"2023-04-21T14:41:24","guid":{"rendered":"https:\/\/ferrater.com\/exhibition-73-barcelonas\/"},"modified":"2023-05-24T11:18:18","modified_gmt":"2023-05-24T10:18:18","slug":"exhibition-73-barcelonas","status":"publish","type":"post","link":"https:\/\/ferrater.com\/es\/exhibition-73-barcelonas\/","title":{"rendered":"Exposici\u00f3n: 73 Barcelonas."},"content":{"rendered":"<p>Carlos Ferrater participa en la exposici\u00f3n \"73 Barcelona\" en el marco del \"Model Festival d'Arquitectures de Barcelona\", comisariada por Noa Yarkoni, Tiggany Whittaker y Mar Gen\u00e9 en colaboraci\u00f3n con la Cooperativa La Capell y el Disseny Hub y orgainzado por la Fundaci\u00f3n Mies van der Rohe.<\/p>\n<p><a href=\"https:\/\/www.model.barcelona\/edicio2023\/es\/actividades\/inauguracion-de-la-exposicion-73-barcelonas\" target=\"_blank\" rel=\"noopener\">https:\/\/www.model.barcelona\/edicio2023\/es\/actividades\/inauguracion-de-la-exposicion-73-barcelonas<\/a><\/p>\n<p><iframe loading=\"lazy\" title=\"Entrevista a Xavier Mart\u00ed Gal\u00ed en ARQ\/DEC\u00d3 2023\" width=\"500\" height=\"281\" src=\"https:\/\/www.youtube.com\/embed\/wr-o1b9mrok?feature=oembed\" frameborder=\"0\" allow=\"accelerometer; autoplay; clipboard-write; encrypted-media; gyroscope; picture-in-picture; web-share\" referrerpolicy=\"strict-origin-when-cross-origin\" allowfullscreen><\/iframe><\/p>\n","protected":false},"excerpt":{"rendered":"<p>Carlos Ferrater participa en la exposici\u00f3n \"73 Barcelona\" en el marco del \"Model Festival d'Arquitectures de Barcelona\", comisariada por Noa Yarkoni, Tiggany Whittaker y Mar Gen\u00e9 en colaboraci\u00f3n con la Cooperativa La Capell y el Disseny Hub y orgainzado por la Fundaci\u00f3n Mies van der Rohe. https:\/\/www.model.barcelona\/edicio2023\/es\/actividades\/inauguracion-de-la-exposicion-73-barcelonas<\/p>\n","protected":false},"author":6,"featured_media":21204,"comment_status":"closed","ping_status":"closed","sticky":false,"template":"","format":"standard","meta":{"footnotes":""},"categories":[42],"tags":[],"autorarquitecto":[],"class_list":["post-21195","post","type-post","status-publish","format-standard","has-post-thumbnail","hentry","category-noticias"],"jetpack_featured_media_url":"https:\/\/ferrater.com\/wp-content\/uploads\/2023\/04\/21-04-23-La-Guineueta.jpg","_links":{"self":[{"href":"https:\/\/ferrater.com\/es\/wp-json\/wp\/v2\/posts\/21195","targetHints":{"allow":["GET"]}}],"collection":[{"href":"https:\/\/ferrater.com\/es\/wp-json\/wp\/v2\/posts"}],"about":[{"href":"https:\/\/ferrater.com\/es\/wp-json\/wp\/v2\/types\/post"}],"author":[{"embeddable":true,"href":"https:\/\/ferrater.com\/es\/wp-json\/wp\/v2\/users\/6"}],"replies":[{"embeddable":true,"href":"https:\/\/ferrater.com\/es\/wp-json\/wp\/v2\/comments?post=21195"}],"version-history":[{"count":3,"href":"https:\/\/ferrater.com\/es\/wp-json\/wp\/v2\/posts\/21195\/revisions"}],"predecessor-version":[{"id":21214,"href":"https:\/\/ferrater.com\/es\/wp-json\/wp\/v2\/posts\/21195\/revisions\/21214"}],"wp:featuredmedia":[{"embeddable":true,"href":"https:\/\/ferrater.com\/es\/wp-json\/wp\/v2\/media\/21204"}],"wp:attachment":[{"href":"https:\/\/ferrater.com\/es\/wp-json\/wp\/v2\/media?parent=21195"}],"wp:term":[{"taxonomy":"category","embeddable":true,"href":"https:\/\/ferrater.com\/es\/wp-json\/wp\/v2\/categories?post=21195"},{"taxonomy":"post_tag","embeddable":true,"href":"https:\/\/ferrater.com\/es\/wp-json\/wp\/v2\/tags?post=21195"},{"taxonomy":"autorarquitecto","embeddable":true,"href":"https:\/\/ferrater.com\/es\/wp-json\/wp\/v2\/autorarquitecto?post=21195"}],"curies":[{"name":"wp","href":"https:\/\/api.w.org\/{rel}","templated":true}]}}