{"id":6762,"date":"2018-06-28T14:13:14","date_gmt":"2019-05-09T10:13:26","guid":{"rendered":"http:\/\/ferrater.com\/participacion-en-los-premios-iv-edicion-de-los-premios-piam-28-06-18\/"},"modified":"2019-07-12T12:56:17","modified_gmt":"2019-07-12T11:56:17","slug":"participacion-en-los-premios-iv-edicion-de-los-premios-piam-28-06-18","status":"publish","type":"post","link":"https:\/\/ferrater.com\/es\/participacion-en-los-premios-iv-edicion-de-los-premios-piam-28-06-18\/","title":{"rendered":"Participaci\u00f3n en los premios IV Edici\u00f3n de los Premios PIAM"},"content":{"rendered":"<p>Luc\u00eda Ferrater participa como jurado en la entrega de la IV Edici\u00f3n los Premios PIAM, Premio Internacional de Arquitectura Matinex.<\/p>\n<div>\n<ul class=\"uk-slider-items\">\n<li><img loading=\"lazy\" decoding=\"async\" class=\"alignnone size-medium wp-image-7530\" src=\"http:\/\/ferrater.com\/wp-content\/uploads\/280618Premios-Matinex_1-5-600x314.png\" alt=\"\" width=\"600\" height=\"314\" srcset=\"https:\/\/ferrater.com\/wp-content\/uploads\/280618Premios-Matinex_1-5-600x314.png 600w, https:\/\/ferrater.com\/wp-content\/uploads\/280618Premios-Matinex_1-5-768x403.png 768w, https:\/\/ferrater.com\/wp-content\/uploads\/280618Premios-Matinex_1-5-1024x537.png 1024w, https:\/\/ferrater.com\/wp-content\/uploads\/280618Premios-Matinex_1-5.png 1099w\" sizes=\"(max-width: 600px) 100vw, 600px\" \/><\/li>\n<li><img loading=\"lazy\" decoding=\"async\" class=\"alignnone size-medium wp-image-7533\" src=\"http:\/\/ferrater.com\/wp-content\/uploads\/280618-Premios-MATINEX_2-600x313.png\" alt=\"\" width=\"600\" height=\"313\" srcset=\"https:\/\/ferrater.com\/wp-content\/uploads\/280618-Premios-MATINEX_2-600x313.png 600w, https:\/\/ferrater.com\/wp-content\/uploads\/280618-Premios-MATINEX_2-768x401.png 768w, https:\/\/ferrater.com\/wp-content\/uploads\/280618-Premios-MATINEX_2-1024x534.png 1024w, https:\/\/ferrater.com\/wp-content\/uploads\/280618-Premios-MATINEX_2.png 1096w\" sizes=\"(max-width: 600px) 100vw, 600px\" \/><\/li>\n<\/ul>\n<\/div>\n","protected":false},"excerpt":{"rendered":"<p>Luc\u00eda Ferrater participa como jurado en la entrega de la IV Edici\u00f3n los Premios PIAM, Premio Internacional de Arquitectura Matinex.<\/p>\n","protected":false},"author":6,"featured_media":6763,"comment_status":"closed","ping_status":"closed","sticky":false,"template":"","format":"standard","meta":{"footnotes":""},"categories":[42],"tags":[],"autorarquitecto":[],"class_list":["post-6762","post","type-post","status-publish","format-standard","has-post-thumbnail","hentry","category-noticias"],"jetpack_featured_media_url":"https:\/\/ferrater.com\/wp-content\/uploads\/280618Premios-Matinex_1-3.png","_links":{"self":[{"href":"https:\/\/ferrater.com\/es\/wp-json\/wp\/v2\/posts\/6762","targetHints":{"allow":["GET"]}}],"collection":[{"href":"https:\/\/ferrater.com\/es\/wp-json\/wp\/v2\/posts"}],"about":[{"href":"https:\/\/ferrater.com\/es\/wp-json\/wp\/v2\/types\/post"}],"author":[{"embeddable":true,"href":"https:\/\/ferrater.com\/es\/wp-json\/wp\/v2\/users\/6"}],"replies":[{"embeddable":true,"href":"https:\/\/ferrater.com\/es\/wp-json\/wp\/v2\/comments?post=6762"}],"version-history":[{"count":0,"href":"https:\/\/ferrater.com\/es\/wp-json\/wp\/v2\/posts\/6762\/revisions"}],"wp:featuredmedia":[{"embeddable":true,"href":"https:\/\/ferrater.com\/es\/wp-json\/wp\/v2\/media\/6763"}],"wp:attachment":[{"href":"https:\/\/ferrater.com\/es\/wp-json\/wp\/v2\/media?parent=6762"}],"wp:term":[{"taxonomy":"category","embeddable":true,"href":"https:\/\/ferrater.com\/es\/wp-json\/wp\/v2\/categories?post=6762"},{"taxonomy":"post_tag","embeddable":true,"href":"https:\/\/ferrater.com\/es\/wp-json\/wp\/v2\/tags?post=6762"},{"taxonomy":"autorarquitecto","embeddable":true,"href":"https:\/\/ferrater.com\/es\/wp-json\/wp\/v2\/autorarquitecto?post=6762"}],"curies":[{"name":"wp","href":"https:\/\/api.w.org\/{rel}","templated":true}]}}